{"id":2044,"date":"2024-02-09T11:36:51","date_gmt":"2024-02-09T10:36:51","guid":{"rendered":"https:\/\/www.seeber-lawconsult.at\/?p=2044"},"modified":"2024-02-09T11:36:51","modified_gmt":"2024-02-09T10:36:51","slug":"ein-blick-in-die-zukunft-prophetisches-aus-der-witzkiste","status":"publish","type":"post","link":"https:\/\/www.seeber-lawconsult.at\/?p=2044","title":{"rendered":"Ein Blick in die Zukunft: Prophetisches aus der Witzkiste."},"content":{"rendered":"\n<p><strong>Aus dem streng geheimen Strategiepapier f\u00fcr die Welttheatersaison 2024\/25: <\/strong><\/p>\n\n\n\n<p>Christian Dr. Osten geht als erster Pandemiekleber in die Geschichte und pickt sich in Wuhan demonstrativ an eine Fledermaus. <\/p>\n\n\n\n<p>Covidl der Erste wird f\u00fcr urheberrechtlich frei erkl\u00e4rt. Der Nachfolger von Covid-19 hei\u00dft, nach etlichen Metamorphosen, Ovid-24. Karlatan Lauterbach stellt klar, da\u00df Schulschlie\u00dfungen wegen Covid-19 sch\u00e4dlich sind, wegen Ovid-24 hingegen nicht. <\/p>\n\n\n\n<p>Die Gendermarie empfiehlt Ovid-24-Schutzmasken auch in Innen:r\u00e4umen. Zur Wahrung des sozialen Friedens und Hintanhaltung von Protesten durch G&#8217;schossene erkl\u00e4rt der Ethikrat Ovid-24 f\u00fcr non-bin\u00e4r. <\/p>\n\n\n\n<p>Die Charit\u00e9 entdeckt im Archiv Dr. Drostens Doktorarbeit direkt neben jener von Dr. Mabuse.<\/p>\n\n\n\n<p>Gretl Thunberg erkl\u00e4rt <em>&#8222;I want you wieder einmal to panic&#8220;<\/em> und l\u00e4sst sich von der Polizei zum n\u00e4chsten Phototermin chauffieren. Ricarda Lang-wie-Breit erkl\u00e4rt, da\u00df sie &#8211; neben vielem, vielem anderen &#8211; Covid-19 schon gefressen hat. <\/p>\n\n\n\n<p>Die mittlerweile endg\u00fcltig privatisierten Verfassungsgerichtsh\u00f6fe in Wien und Karlsruhe erkennen nicht die Pandemie f\u00fcr verfassungswidrig, sondern die Verfassung f\u00fcr pandemiewidrig und heben sie auf. <\/p>\n\n\n\n<p>Medien erhalten den Auftrag, ihre Archive 2020 &#8211; 2023 zu l\u00f6schen. Die Regierung beauftragt Rechtswissenschaftler mit der Entdeckung, da\u00df die k.k. Hofzensur formell nie abgeschafft wurde, und widmen ihr ein neues Amt, das samt Planstellen als Korrektiv gleich an passende Vereine ausgelagert wird. <\/p>\n\n\n\n<p>Eine Expertenkommission k\u00fcrt die zehn absto\u00dfendsten Covidl-Ma\u00dfnahmen, um sie endlich ins Dauerrecht zu \u00fcberf\u00fchren.<\/p>\n\n\n\n<p>S\u00f6der l\u00e4sst bei BASF (vormals IG Farben) eine Impfung gegen Klima entwickeln.<\/p>\n\n\n\n<p>Aus Solidarit\u00e4t mit der Impfkampagne sind auch Messerattent\u00e4ter f\u00fcr den 5. Stich.<\/p>\n\n\n\n<p>Klaus Schwab l\u00e4sst sich die Zusammensetzung des Moderna-Vakzins als <em>The Great Rezept<\/em> patentieren.<\/p>\n\n\n\n<p>Zur Schaffung totaler Rechtssicherheit tritt die Un\/Mask-Verordnung in Kraft: bestraft wird, wer im \u00f6ffentlichen Raum an geraden Tagen eine FFP2-Maske tr\u00e4gt, und wer an ungeraden Tagen <em>keine <\/em>Maske tr\u00e4gt. Dies als Kompromi\u00df zwischen dem Vermummungsverbot und dem notwendigen Angedenken an St. Covidl. Dazu Sanit\u00e4tsrat Dr. &#8222;Karlamit\u00e4t&#8220; Lauterbach: <em>&#8222;Es darf kein Vergessen geben.&#8220;<\/em><\/p>\n\n\n\n<p>Mitmenschen, die auch anno &#8217;24 noch mit Maske autofahren und bei jedem Nieser den PCR-Zufallsgenerator befragen, d\u00fcrfen sich stolz als &#8222;ewig Testrige&#8220; bezeichnen.<\/p>\n\n\n\n<p>Die stets laufende, stets noch schlimmere und dennoch leider unbemerkte Pandemie wird endlich statistisch nachgewiesen, indem die Excel-Spalten von <em>&#8222;Gesunde&#8220; <\/em>und <em>&#8222;vermutlich ganz bestimmt Infizierte&#8220;<\/em> nach dem <a href=\"https:\/\/orf.at\/stories\/3319205\/\">&#8222;Patent Babler&#8220;\u00ae<\/a> vertauscht werden.<\/p>\n\n\n\n<p>Die Regierung mu\u00df mangelhafte Datenerfassung betreffend Impfung eingestehen. Umgehend wird daher unter den \u00dcberlebenden nacherhoben, <em>wer <\/em>nicht geimpft ist, <em>warum <\/em>nicht und welchem rechten Milieu er\/sie angeh\u00f6rt. <\/p>\n\n\n\n<p>Die LGTBQ-Gemeinde erh\u00e4lt Konkurrenz durch die SNAVQ-Kommune (<strong>S<\/strong>chwurbler, <strong>N<\/strong>azi, <strong>A<\/strong>luhuttr\u00e4ger, <strong>V<\/strong>erschw\u00f6rungstheoretiker, <strong>Q<\/strong>uerdenker).<\/p>\n\n\n\n<p>Der EuGH erkl\u00e4rt den Zuzug aus der Ukraine f\u00fcr rechtswidrig, da damit der falsche Eindruck vermittelt wird, da\u00df Fl\u00fcchtlinge auch Christen sein k\u00f6nnen.<\/p>\n\n\n\n<p>BioNTech arbeitet an einer neuen Impfung. Die Ausschreibung f\u00fcr ein dazupassendes Symptom l\u00e4uft. Das neue Produkt vereint drei wesentliche Eigenschaften: wirkungslos, letal und verpflichtend.<\/p>\n\n\n\n<p>Nebenbei protestiert der hauptberufliche Klimakleber Jens-Uwe K. gegen Kohlestrom im Bahnverkehr, indem er sich an den ICE 171 klebt. Beerdigung morgen auf der Strecke Passau &#8211; Linz.<\/p>\n\n\n\n<p><br>Einen angenehmen \u00dcbergang vom offiziellen zum allt\u00e4glichen Fasching w\u00fcnscht Ihnen<br>MS<br><em>cum saxo salis<\/em><br>13.02.2023<\/p>\n","protected":false},"excerpt":{"rendered":"<p>Aus dem streng geheimen Strategiepapier f\u00fcr die Welttheatersaison 2024\/25: Christian Dr. Osten geht als erster Pandemiekleber in die Geschichte und pickt sich in Wuhan demonstrativ an eine Fledermaus. Covidl der Erste wird f\u00fcr urheberrechtlich frei erkl\u00e4rt. Der Nachfolger von Covid-19 hei\u00dft, nach etlichen Metamorphosen, Ovid-24. Karlatan Lauterbach stellt klar, da\u00df Schulschlie\u00dfungen wegen Covid-19 sch\u00e4dlich sind, wegen Ovid-24 hingegen nicht. Die &#8230; <a href=\"https:\/\/www.seeber-lawconsult.at\/?p=2044\" class=\"more-link\">Read More<\/a><\/p>\n","protected":false},"author":1,"featured_media":0,"comment_status":"closed","ping_status":"open","sticky":false,"template":"","format":"standard","meta":{"footnotes":""},"categories":[2],"tags":[173,171,174],"class_list":["post-2044","post","type-post","status-publish","format-standard","hentry","category-informationen","tag-parodie","tag-satire","tag-weltgeschehen","no-post-thumbnail"],"_links":{"self":[{"href":"https:\/\/www.seeber-lawconsult.at\/index.php?rest_route=\/wp\/v2\/posts\/2044","targetHints":{"allow":["GET"]}}],"collection":[{"href":"https:\/\/www.seeber-lawconsult.at\/index.php?rest_route=\/wp\/v2\/posts"}],"about":[{"href":"https:\/\/www.seeber-lawconsult.at\/index.php?rest_route=\/wp\/v2\/types\/post"}],"author":[{"embeddable":true,"href":"https:\/\/www.seeber-lawconsult.at\/index.php?rest_route=\/wp\/v2\/users\/1"}],"replies":[{"embeddable":true,"href":"https:\/\/www.seeber-lawconsult.at\/index.php?rest_route=%2Fwp%2Fv2%2Fcomments&post=2044"}],"version-history":[{"count":45,"href":"https:\/\/www.seeber-lawconsult.at\/index.php?rest_route=\/wp\/v2\/posts\/2044\/revisions"}],"predecessor-version":[{"id":2214,"href":"https:\/\/www.seeber-lawconsult.at\/index.php?rest_route=\/wp\/v2\/posts\/2044\/revisions\/2214"}],"wp:attachment":[{"href":"https:\/\/www.seeber-lawconsult.at\/index.php?rest_route=%2Fwp%2Fv2%2Fmedia&parent=2044"}],"wp:term":[{"taxonomy":"category","embeddable":true,"href":"https:\/\/www.seeber-lawconsult.at\/index.php?rest_route=%2Fwp%2Fv2%2Fcategories&post=2044"},{"taxonomy":"post_tag","embeddable":true,"href":"https:\/\/www.seeber-lawconsult.at\/index.php?rest_route=%2Fwp%2Fv2%2Ftags&post=2044"}],"curies":[{"name":"wp","href":"https:\/\/api.w.org\/{rel}","templated":true}]}}