{"id":1662,"date":"2022-03-23T10:31:44","date_gmt":"2022-03-23T09:31:44","guid":{"rendered":"https:\/\/www.seeber-lawconsult.at\/?p=1662"},"modified":"2022-03-23T10:32:01","modified_gmt":"2022-03-23T09:32:01","slug":"pandemie-schlaegt-empathie-randnotiz-zum-geisteszustand-des-republik","status":"publish","type":"post","link":"https:\/\/www.seeber-lawconsult.at\/?p=1662","title":{"rendered":"Pandemie schl\u00e4gt Empathie. Randnotiz zum Geisteszustand der Republik."},"content":{"rendered":"\n<p>Es ist wei\u00df Gott nichts Neues, da\u00df wir (das Volk, begnadet f\u00fcr das Sch\u00f6ne) in Pandemiezeiten alle erdenklichen Opfer zu bringen haben. Dazu geh\u00f6rt (in alter Tradition), auch gleich die Nachwuchsgeneration zu opfern: sei es durch Maskenpflicht im Turnunterricht (Frage: Welchem Idioten f\u00e4llt so etwas ein?), &#8222;freiwillige&#8220; Tests in Kinderg\u00e4rten und \u00e4hnliches mehr. <\/p>\n\n\n\n<p>Dazu folgende Randnotiz: Im Mai 2021 wird ein siebenmonatiger S\u00e4ugling wegen eines Harnwegsinfekts zur Untersuchung in das LKH Klagenfurt eingewiesen. Dort wird das Kind untersucht und im Anschlu\u00df daran &#8211; ohne jede Vorwarnung und vor allem ohne Zustimmung der anwesenden Eltern &#8211; <strong>mittels Nasenrachenabstrichs<\/strong> auf Covid-19 getestet. Wer auch nur <em>einmal <\/em>in den Genu\u00df einer solchen Abstrichnahme gekommen ist, wei\u00df mit welchen Irritationen dies verbunden ist. Und dabei wird keineswegs ein <em>Wattest\u00e4bchen <\/em>(wie es verharmlosend hei\u00dft) benutzt, sondern eine Plastikb\u00fcrste, deren Anwendung in ihren Folgewirkungen noch nicht untersucht ist. Und nun stellen Sie sich vor, da\u00df einem Kleinkind <strong>dieselbe, gleich gro\u00dfe B\u00fcrste<\/strong> eingef\u00fchrt wird. <\/p>\n\n\n\n<p>H\u00f6chst Schmerzhaft? Sicherlich. Das leuchtet jedem ein &#8211; nicht aber der <a rel=\"noreferrer noopener\" href=\"https:\/\/www.klinikum-klagenfurt.at\" target=\"_blank\">KABEG<\/a>. Anstatt ein auch nur symbolisches Schmerzengeld zu bezahlen, l\u00e4\u00dft sie sich klagen. Wir wiederholen: einem Kleinkind wird unter Schmerzen eine Abstrichb\u00fcrste in die Nase gesteckt, woraufhin es begreiflicherweise zu schreien beginnt &#8211; wie sollte sich ein S\u00e4ugling auch sonst verst\u00e4ndlich machen! Und was sagt die KABEG dazu? <em>&#8222;Im Klagebegehren wird nicht einmal ansatzweise konkretisiert, welcher Schaden der mj. Kl\u00e4gerin entstanden sein soll. Es wird lediglich behauptet, am xx.xx.2021 sei<br>ein nasopharyngealer Abstrich gemacht worden, was mit \u201eIrritationen und Schmerzen\u201c<br>verbunden gewesen sei. Diese behaupteten Schmerzen und Irritationen k\u00f6nnen jedoch<br>weder objektiviert, noch sonst in irgendeiner Form nachgewiesen werden.&#8220;<\/em> Recht so! Wer wird denn Empathie mit Kleinkindern haben! <\/p>\n\n\n\n<p>Ich hoffe, geneigter Leser, Sie sind bald mit dem Kopfsch\u00fctteln fertig. Ich schlie\u00dfe mit folgenden Fragen: <br>&#8211; Wer kann nachweisen, da\u00df von S\u00e4uglingen eine Infektionsgefahr mit Freund Covidl ausgeht? <br>&#8211; Wer kann die Sinnhaftigkeit an &#8222;Corona&#8220;-Tests an S\u00e4uglingen nachweisen?<br>&#8211; Wie lange wird dieser mittlerweile endemische Irrsinn noch dauern?<\/p>\n\n\n\n<p>MS<br>Stand: 23.03.2022<\/p>\n","protected":false},"excerpt":{"rendered":"<p>Es ist wei\u00df Gott nichts Neues, da\u00df wir (das Volk, begnadet f\u00fcr das Sch\u00f6ne) in Pandemiezeiten alle erdenklichen Opfer zu bringen haben. Dazu geh\u00f6rt (in alter Tradition), auch gleich die Nachwuchsgeneration zu opfern: sei es durch Maskenpflicht im Turnunterricht (Frage: Welchem Idioten f\u00e4llt so etwas ein?), &#8222;freiwillige&#8220; Tests in Kinderg\u00e4rten und \u00e4hnliches mehr. Dazu folgende Randnotiz: Im Mai 2021 wird &#8230; <a href=\"https:\/\/www.seeber-lawconsult.at\/?p=1662\" class=\"more-link\">Read More<\/a><\/p>\n","protected":false},"author":1,"featured_media":0,"comment_status":"closed","ping_status":"open","sticky":false,"template":"","format":"standard","meta":{"footnotes":""},"categories":[2],"tags":[152,156,151,157,153,121,120,155],"class_list":["post-1662","post","type-post","status-publish","format-standard","hentry","category-informationen","tag-baby","tag-bezirksgericht","tag-coronatest","tag-empathielosigkeit","tag-landeskrankenhaus-klagenfurt","tag-pcr-test","tag-sars-cov-2","tag-schmerzengeld","no-post-thumbnail"],"_links":{"self":[{"href":"https:\/\/www.seeber-lawconsult.at\/index.php?rest_route=\/wp\/v2\/posts\/1662","targetHints":{"allow":["GET"]}}],"collection":[{"href":"https:\/\/www.seeber-lawconsult.at\/index.php?rest_route=\/wp\/v2\/posts"}],"about":[{"href":"https:\/\/www.seeber-lawconsult.at\/index.php?rest_route=\/wp\/v2\/types\/post"}],"author":[{"embeddable":true,"href":"https:\/\/www.seeber-lawconsult.at\/index.php?rest_route=\/wp\/v2\/users\/1"}],"replies":[{"embeddable":true,"href":"https:\/\/www.seeber-lawconsult.at\/index.php?rest_route=%2Fwp%2Fv2%2Fcomments&post=1662"}],"version-history":[{"count":3,"href":"https:\/\/www.seeber-lawconsult.at\/index.php?rest_route=\/wp\/v2\/posts\/1662\/revisions"}],"predecessor-version":[{"id":1668,"href":"https:\/\/www.seeber-lawconsult.at\/index.php?rest_route=\/wp\/v2\/posts\/1662\/revisions\/1668"}],"wp:attachment":[{"href":"https:\/\/www.seeber-lawconsult.at\/index.php?rest_route=%2Fwp%2Fv2%2Fmedia&parent=1662"}],"wp:term":[{"taxonomy":"category","embeddable":true,"href":"https:\/\/www.seeber-lawconsult.at\/index.php?rest_route=%2Fwp%2Fv2%2Fcategories&post=1662"},{"taxonomy":"post_tag","embeddable":true,"href":"https:\/\/www.seeber-lawconsult.at\/index.php?rest_route=%2Fwp%2Fv2%2Ftags&post=1662"}],"curies":[{"name":"wp","href":"https:\/\/api.w.org\/{rel}","templated":true}]}}