{"id":1537,"date":"2021-07-07T12:48:03","date_gmt":"2021-07-07T11:48:03","guid":{"rendered":"https:\/\/www.seeber-lawconsult.at\/?p=1537"},"modified":"2022-03-31T12:48:39","modified_gmt":"2022-03-31T11:48:39","slug":"dummheitskonkurrenz-die-impf-welle","status":"publish","type":"post","link":"https:\/\/www.seeber-lawconsult.at\/?p=1537","title":{"rendered":"Dummheitskonkurrenz: Die &#8222;Impf&#8220;-Welle."},"content":{"rendered":"\n<p>Das Wort &#8222;Impfen&#8220; unter Anf\u00fchrungszeichen? Nat\u00fcrlich &#8211; oder w\u00fcrden Sie zur aktuell verabreichten Covid-19-Gentherapie einfach &#8222;Impfung&#8220; sagen? Die Quellen, die fundiert und glaubw\u00fcrdig offenlegen, da\u00df<br>   &#8211; hier eben <em>keine <\/em>klassische Impfung vorliegt,<br>   &#8211; die Covid-19-&#8222;Impfung&#8220; f\u00fcr den Gro\u00dfteil der Bev\u00f6lkerung absolut sinnlos ist,<br>   &#8211; diese &#8222;Impfstoffe&#8220; nur eine bedingte Zulassung haben, die aufgrund bereits gegebener Covid-19-Therapiem\u00f6glichkeiten l\u00e4ngst zu widerrufen w\u00e4re,<br>   &#8211; \u00fcber die Langzeitfolgen dieser Gentherapie nichts bekannt ist, ja nichts bekannt sein <em>kann<\/em>, da es sich um experimentelle Pr\u00e4parate handelt,<br>   &#8211; es eine Reihe schwerer Nebenwirkungen und Todesf\u00e4llen infolge der &#8222;Impfung&#8220; gegeben hat,<br>sind jedermann zug\u00e4nglich. Der Gro\u00dfteil der Bev\u00f6lkerung will es aber nicht wahrnehmen. Den \u00c4rzten, die diese &#8222;Impfung&#8220; verabreichen, ist zu unterstellen, da\u00df sie \u00fcber die verabreichte Gentherapie nicht wesentlich mehr wissen als der informierte Laie. Und auf dieser Basis soll Impfaufkl\u00e4rung \u00fcber Risiken und Nebenwirkungen betrieben werden?<\/p>\n\n\n\n<p>Die Unwissenheit \u00fcber die Folgen und Nebenwirkungen <em>eines <\/em>&#8222;Impfstoffes&#8220; reicht aber nicht aus, daher kommt aus Frankensteins Cocktailbar auch noch der neue Begriff &#8222;Kreuzimpfen&#8220; &#8211; wir mixen einfach die Pr\u00e4parate zusammen und sehen dann mal, was so passiert. Und das geht so:<\/p>\n\n\n\n<blockquote class=\"wp-block-quote is-style-default is-layout-flow wp-block-quote-is-layout-flow\"><p>&#8222;Betroffen sind Personen, die bei der ersten Impfung den Impfstoff Astra Zeneca erhalten haben. Bei der zweiten Impfung kann auch ein mRNA-Impfstoff wie jener von Biontech\/Pfizer verwendet werden. 15.000 Zweitstiche (sic!) mit Astra Zeneca sind aktuell laut Stadt Wien noch ausst\u00e4ndig.&#8220;<\/p><cite>https:\/\/wien.orf.at\/stories\/3111569\/ abgerufen am 07.05.2021<\/cite><\/blockquote>\n\n\n\n<p>Dr\u00fccken sich die Leut&#8216; gar um den &#8222;Zweitstich&#8220;? Machen sich etwa Zweifel breit, ob Astra Zeneca so ideal ist? Warum gibt es pl\u00f6tzlich Massenaktionen namens &#8222;Impfen ohne Anmeldung&#8220; (bei denen freilich nur das Astra Zeneca-Pr\u00e4parat angeboten wird)? Egal, es mu\u00df rasch gehen: <a rel=\"noreferrer noopener\" href=\"https:\/\/www.msn.com\/de-at\/nachrichten\/inland\/corona-impfung-ohne-anmeldung-wird-in-wien-gest\u00fcrmt\/ar-AALJNSi\" target=\"_blank\">&#8222;Corona-Impfung ohne Anmeldung wird in Wien gest\u00fcrmt&#8220;<\/a> (04.07.2021). H\u00e4tte die Aktion nicht &#8222;Impfung ohne Aufkl\u00e4rung&#8220; hei\u00dfen m\u00fcssen? Lesen Sie:<\/p>\n\n\n\n<blockquote class=\"wp-block-quote is-style-default is-layout-flow wp-block-quote-is-layout-flow\"><p>&#8222;Mitzubringen sind Impfausweis (sofern vorhanden) und E-Card sowie ein g\u00fcltiger Lichtbildausweis und der &#8211; <strong>am besten bereits zuhause ausgef\u00fcllte<\/strong> &#8211; Aufkl\u00e4rungs- und Dokumentationsbogen, der unter&nbsp;<a href=\"https:\/\/www.tirol.gv.at\/gesundheit-vorsorge\/infekt\/coronavirus\/tirolimpft\/\">www.tirol.gv.at\/tirolimpft<\/a>&nbsp;abrufbar ist.&#8220;<\/p><cite>https:\/\/www.diepresse.com\/6003351\/grosse-nachfrage-nach-impfung-ohne-termin-in-wien-und-tirol abgerufen am 07.05.2021<\/cite><\/blockquote>\n\n\n\n<p>Haben Sie hier etwas von <strong>Impfaufkl\u00e4rung <\/strong>gelesen? Zeitverschwendung! Da\u00df eine Aufkl\u00e4rung lege artis zumindest 30 Minuten dauert und somit beim geschilderten Ansturm schlichtweg nicht erfolgen <em>kann<\/em>, interessiert jetzt niemanden. Die Haftungsf\u00e4lle werden die Gerichte noch auf Jahre hin besch\u00e4ftigen.<\/p>\n\n\n\n<p><strong>Warum lassen wir uns \u00fcberhaupt &#8222;impfen&#8220;?<\/strong> <br>Hier Wahrnehmungen des Verfassers von einigen, die es bereits hinter sich haben:<br>   <em>&#8211; &#8222;Ich will ja wieder nach &#8230; auf Urlaub fahren.&#8220;<\/em><br><em>   &#8211; &#8222;Ich will ja wieder ins Konzert gehen k\u00f6nnen.&#8220;<br>   &#8211; &#8222;Ich will mir die l\u00e4stige Testerei ersparen.&#8220;<br>   &#8211; &#8222;Ich will ja wieder frei (!) sein.&#8220;<br>   &#8211; &#8222;Ein befreundeter Arzt hat es mir angeboten, und da konnte ich ja schlecht Nein sagen.&#8220;<\/em><br><strong>Keiner <\/strong>der Befragten gab an, er habe sich aus gesundheitlichen Gr\u00fcnden &#8222;impfen&#8220; lassen! Mit anderen Worten: Die Erpressungsmethode der Regierungen geht auf. (Rostocks Oberb\u00fcrgermeister Madsen im O-Ton: <a rel=\"noreferrer noopener\" href=\"https:\/\/www.achgut.com\/artikel\/rostocks_ob_madsen_l_der_alltag_fuer_ungeimpfte_muss_unangen\" target=\"_blank\">\u201eDer Alltag f\u00fcr Ungeimpfte muss unangenehmer sein.\u201c<\/a>) Freilich, nein, &#8222;es wird keine Impfpflicht geben&#8220;. Vorerst. Aber: Das \u00f6ffentliche Leben wird einem durch Masken, Kontrollen und Tests so lange verleidet, bis man sich geschlagen gibt und &#8222;freiwillig&#8220; zur Gentherapie geht. Und die &#8222;geimpften&#8220; Herrschaften glauben tats\u00e4chlich, wieder frei zu sein! Aber es ist keine Freiheit. <strong>Denn echte Freiheit steht unter keiner Bedingung.<\/strong> <\/p>\n\n\n\n<p><strong>Immunisierung?<\/strong><br>W\u00e4hrend zun\u00e4chst im Fr\u00fchjahr nur die Medien von einer <a rel=\"noreferrer noopener\" href=\"https:\/\/orf.at\/stories\/3212746\/\" target=\"_blank\">&#8222;Vollimmunisierung&#8220;<\/a> schwafelten, steht dieser l\u00e4ngst widerlegte Schwachsinn nun schon in der <a rel=\"noreferrer noopener\" href=\"https:\/\/www.ris.bka.gv.at\/eli\/bgbl\/ii\/2021\/276\/P7\/NOR40235731\" target=\"_blank\">COVID-19-Einreiseverordnung<\/a>, obwohl freillich nicht einmal die Hersteller wagen, von einer (auch nur Teil-)Immunisierung durch die &#8222;Impfung&#8220; zu sprechen. Das Versprechen ist ja lediglich: das Gen-Serum gew\u00e4hrleiste bei Infektion einen &#8222;milden Verlauf&#8220;. (Ein billiger, aber genialer Reklametrick, da das Gegenteil schwer nachzuweisen sein wird.) &#8222;Geimpfte&#8220; k\u00f6nnen ja bekanntlich sowohl sich als auch andere anstecken. Wozu dann das ganze?<\/p>\n\n\n\n<p>Und die &#8222;Geimpften&#8220;? Gen\u00fcgt ihnen nicht die Sicherheit, (vermeintlich) immun zu sein? Gefehlt! Nachdem sie das Risiko eines pharmazeutischen Menschenversuchs auf sich genommen haben, und nun vielleicht Gewissensbisse einsetzen, m\u00f6chten sie, da\u00df andere sich eben auch &#8222;impfen&#8220; lassen. Es ist doch so: Geteiltes Leid ist halbes Leid. Unter dem Deckmantel, Verantwortung zu tragen, breitet sich die Verantwortungslosigkeit aus, auch noch andere in ein Experiment mit ungewissem Ausgang hineinzuziehen.<\/p>\n\n\n\n<p>Die Informationen waren und sind da. Wer sie jetzt ignoriert, soll sp\u00e4ter nicht andere f\u00fcr sein Handeln verantwortlich machen. Und falls doch einmal in ferner Zukunft Fragen gestellt werden, sollten sich alle Beteiligten zumindest einen der folgenden S\u00e4tze merken:<br><strong>   a.) &#8222;Das hatte doch niemand voraussehen k\u00f6nnen!&#8220;<br>   b.) &#8222;Ich habe nur Befehle ausgef\u00fchrt!&#8220;<\/strong><\/p>\n\n\n\n<p>MS<br>Stand: 07. Juli 2021<\/p>\n","protected":false},"excerpt":{"rendered":"<p>Das Wort &#8222;Impfen&#8220; unter Anf\u00fchrungszeichen? Nat\u00fcrlich &#8211; oder w\u00fcrden Sie zur aktuell verabreichten Covid-19-Gentherapie einfach &#8222;Impfung&#8220; sagen? Die Quellen, die fundiert und glaubw\u00fcrdig offenlegen, da\u00df &#8211; hier eben keine klassische Impfung vorliegt, &#8211; die Covid-19-&#8222;Impfung&#8220; f\u00fcr den Gro\u00dfteil der Bev\u00f6lkerung absolut sinnlos ist, &#8211; diese &#8222;Impfstoffe&#8220; nur eine bedingte Zulassung haben, die aufgrund bereits gegebener Covid-19-Therapiem\u00f6glichkeiten l\u00e4ngst zu widerrufen w\u00e4re, &#8230; <a href=\"https:\/\/www.seeber-lawconsult.at\/?p=1537\" class=\"more-link\">Read More<\/a><\/p>\n","protected":false},"author":1,"featured_media":0,"comment_status":"closed","ping_status":"open","sticky":false,"template":"","format":"standard","meta":{"footnotes":""},"categories":[2],"tags":[104,119,120],"class_list":["post-1537","post","type-post","status-publish","format-standard","hentry","category-informationen","tag-corona","tag-covid-19","tag-sars-cov-2","no-post-thumbnail"],"_links":{"self":[{"href":"https:\/\/www.seeber-lawconsult.at\/index.php?rest_route=\/wp\/v2\/posts\/1537","targetHints":{"allow":["GET"]}}],"collection":[{"href":"https:\/\/www.seeber-lawconsult.at\/index.php?rest_route=\/wp\/v2\/posts"}],"about":[{"href":"https:\/\/www.seeber-lawconsult.at\/index.php?rest_route=\/wp\/v2\/types\/post"}],"author":[{"embeddable":true,"href":"https:\/\/www.seeber-lawconsult.at\/index.php?rest_route=\/wp\/v2\/users\/1"}],"replies":[{"embeddable":true,"href":"https:\/\/www.seeber-lawconsult.at\/index.php?rest_route=%2Fwp%2Fv2%2Fcomments&post=1537"}],"version-history":[{"count":14,"href":"https:\/\/www.seeber-lawconsult.at\/index.php?rest_route=\/wp\/v2\/posts\/1537\/revisions"}],"predecessor-version":[{"id":1684,"href":"https:\/\/www.seeber-lawconsult.at\/index.php?rest_route=\/wp\/v2\/posts\/1537\/revisions\/1684"}],"wp:attachment":[{"href":"https:\/\/www.seeber-lawconsult.at\/index.php?rest_route=%2Fwp%2Fv2%2Fmedia&parent=1537"}],"wp:term":[{"taxonomy":"category","embeddable":true,"href":"https:\/\/www.seeber-lawconsult.at\/index.php?rest_route=%2Fwp%2Fv2%2Fcategories&post=1537"},{"taxonomy":"post_tag","embeddable":true,"href":"https:\/\/www.seeber-lawconsult.at\/index.php?rest_route=%2Fwp%2Fv2%2Ftags&post=1537"}],"curies":[{"name":"wp","href":"https:\/\/api.w.org\/{rel}","templated":true}]}}