{"id":1413,"date":"2021-01-18T11:17:22","date_gmt":"2021-01-18T10:17:22","guid":{"rendered":"https:\/\/www.seeber-lawconsult.at\/?p=1413"},"modified":"2021-01-22T18:11:00","modified_gmt":"2021-01-22T17:11:00","slug":"an-die-eltern-testung-vorsorglich-ablehnen","status":"publish","type":"post","link":"https:\/\/www.seeber-lawconsult.at\/?p=1413","title":{"rendered":"An die Eltern: Testung vorsorglich ablehnen."},"content":{"rendered":"\n<p>Die Beh\u00f6rdenwillk\u00fcr erreichte mit der unangemeldeten Testung von Volkssch\u00fclern (also unm\u00fcndigen Minderj\u00e4hrigen) an der Volksschule P\u00f6rtschach\/Ws. einen neuen H\u00f6hepunkt. Da den Kindern sogar eine telephonische R\u00fccksprache mit den Eltern verweigert wurde (dies entgegen der \u00f6ffentlichen Darstellung dieses Vorfalles), erscheint es sinnvoll, <strong>Vorsorge <\/strong>zu treffen. Daher: lehnen Sie einen &#8222;Corona&#8220;-Test (Covid-19-Testung mittels PCR- oder anderem Test) Ihres Kindes schon vorsorglich ab, soda\u00df die jeweilige Schulleitung Sie nicht vor vollendete stellen kann.<\/p>\n\n\n\n<p>Die <strong>Rechtsanw\u00e4lte f\u00fcr Grundrechte<\/strong> haben ein Musterschreiben f\u00fcr die Test-Ablehnung (<a rel=\"noreferrer noopener\" href=\"https:\/\/www.seeber-lawconsult.at\/wp-content\/uploads\/2021\/01\/Nichtzustimmung-Schule.docx\" data-type=\"URL\" data-id=\"https:\/\/www.seeber-lawconsult.at\/wp-content\/uploads\/2021\/01\/Nichtzustimmung-Schule.docx\" target=\"_blank\">Vorlage hier<\/a> zum Download) bereitgestellt. Hier als Text:<\/p>\n\n\n\n<p><em>Absender: [Eltern]<br>Empf\u00e4nger: [Schule]                                             Ort, Datum&nbsp;<\/em><\/p>\n\n\n\n<p><strong><em>Nicht-Zustimmung zu einer SARS-COV-2 Testung<\/em><\/strong><\/p>\n\n\n\n<p><em>Ich, endesgefertige(r) Frau\/Herr \u2026\u2026\u2026\u2026\u2026\u2026\u2026\u2026\u2026\u2026\u2026\u2026\u2026\u2026\u2026\u2026,<br>erkl\u00e4re als obsorgeberechtigte Person ausdr\u00fccklich, dass ich mit einer Testung meines Sohnes \/ meiner Tochter \u2026\u2026\u2026\u2026\u2026\u2026\u2026\u2026\u2026\u2026.., geb. am \u2026\u2026\u2026\u2026\u2026\u2026\u2026&nbsp;Schulklasse&nbsp;\u2026\u2026&nbsp; auf SARS-COV-2 &nbsp;<strong>nicht <\/strong>einverstanden bin.<\/em><\/p>\n\n\n\n<p><em>Dies gilt auch f\u00fcr den Fall ge\u00e4nderter Verh\u00e4ltnisse oder ge\u00e4nderter Rechtslage. Ein Testergebnis darf nie als alleinige Grundlage f\u00fcr Entscheidungen verwendet werden. S\u00e4mtliche verwendeten Tests sind explizit nicht f\u00fcr den Gebrauch an asymptomatischen Personen zugelassen.<br>Ich weise darauf hin, dass eine Testung meines Kindes gegen meinen ausdr\u00fccklich erkl\u00e4rten Willen, auch wenn sie nach den Regeln der \u00e4rztlichen Kunst erfolgen sollte, eine eigenm\u00e4chtige Heilbehandlung nach \u00a7 110 StGB darstellt und von mir \u2013 unter Vorbehalt weiterer rechtlicher Schritte \u2013 verfolgt werden wird.<br>Ich halte fest, dass durch diese Nicht-Zustimmung meinem Kind keine Nachteile, welcher Art auch immer, entstehen d\u00fcrfen, und ich gegen jede Art einer Diskriminierung die rechtlich gebotenen Ma\u00dfnahmen unverz\u00fcglich einleiten werde.<\/em><\/p>\n\n\n\n<p><em>Ich ersuche Sie, den Erhalt meines Schreibens innerhalb von drei Tagen zu best\u00e4tigen.<br>Mit freundlichen Gr\u00fc\u00dfen<br>Unterschrift<\/em><\/p>\n\n\n\n<p><\/p>\n\n\n\n<p>MS<br>Stand: 18.01.2021<\/p>\n","protected":false},"excerpt":{"rendered":"<p>Die Beh\u00f6rdenwillk\u00fcr erreichte mit der unangemeldeten Testung von Volkssch\u00fclern (also unm\u00fcndigen Minderj\u00e4hrigen) an der Volksschule P\u00f6rtschach\/Ws. einen neuen H\u00f6hepunkt. Da den Kindern sogar eine telephonische R\u00fccksprache mit den Eltern verweigert wurde (dies entgegen der \u00f6ffentlichen Darstellung dieses Vorfalles), erscheint es sinnvoll, Vorsorge zu treffen. Daher: lehnen Sie einen &#8222;Corona&#8220;-Test (Covid-19-Testung mittels PCR- oder anderem Test) Ihres Kindes schon vorsorglich ab, &#8230; <a href=\"https:\/\/www.seeber-lawconsult.at\/?p=1413\" class=\"more-link\">Read More<\/a><\/p>\n","protected":false},"author":1,"featured_media":0,"comment_status":"closed","ping_status":"open","sticky":false,"template":"","format":"standard","meta":{"footnotes":""},"categories":[2],"tags":[145,144,104,119,127,143,142,121,141],"class_list":["post-1413","post","type-post","status-publish","format-standard","hentry","category-informationen","tag-anordnung","tag-bezirkshauptmannschaft","tag-corona","tag-covid-19","tag-epidemiegesetz","tag-kindergarten","tag-maskenpflicht","tag-pcr-test","tag-schule","no-post-thumbnail"],"_links":{"self":[{"href":"https:\/\/www.seeber-lawconsult.at\/index.php?rest_route=\/wp\/v2\/posts\/1413","targetHints":{"allow":["GET"]}}],"collection":[{"href":"https:\/\/www.seeber-lawconsult.at\/index.php?rest_route=\/wp\/v2\/posts"}],"about":[{"href":"https:\/\/www.seeber-lawconsult.at\/index.php?rest_route=\/wp\/v2\/types\/post"}],"author":[{"embeddable":true,"href":"https:\/\/www.seeber-lawconsult.at\/index.php?rest_route=\/wp\/v2\/users\/1"}],"replies":[{"embeddable":true,"href":"https:\/\/www.seeber-lawconsult.at\/index.php?rest_route=%2Fwp%2Fv2%2Fcomments&post=1413"}],"version-history":[{"count":3,"href":"https:\/\/www.seeber-lawconsult.at\/index.php?rest_route=\/wp\/v2\/posts\/1413\/revisions"}],"predecessor-version":[{"id":1417,"href":"https:\/\/www.seeber-lawconsult.at\/index.php?rest_route=\/wp\/v2\/posts\/1413\/revisions\/1417"}],"wp:attachment":[{"href":"https:\/\/www.seeber-lawconsult.at\/index.php?rest_route=%2Fwp%2Fv2%2Fmedia&parent=1413"}],"wp:term":[{"taxonomy":"category","embeddable":true,"href":"https:\/\/www.seeber-lawconsult.at\/index.php?rest_route=%2Fwp%2Fv2%2Fcategories&post=1413"},{"taxonomy":"post_tag","embeddable":true,"href":"https:\/\/www.seeber-lawconsult.at\/index.php?rest_route=%2Fwp%2Fv2%2Ftags&post=1413"}],"curies":[{"name":"wp","href":"https:\/\/api.w.org\/{rel}","templated":true}]}}